{"id":29,"date":"2017-09-01T09:09:15","date_gmt":"2017-09-01T07:09:15","guid":{"rendered":"http:\/\/mit140umdiewelt.com\/?p=29"},"modified":"2024-01-15T14:30:46","modified_gmt":"2024-01-15T14:30:46","slug":"die-letzten-wochen-in-deutschland","status":"publish","type":"post","link":"https:\/\/mit140umdiewelt.de\/?p=29","title":{"rendered":"Die letzten Wochen in Deutschland"},"content":{"rendered":"\n<div class=\"wp-block-group\"><div class=\"wp-block-group__inner-container is-layout-constrained wp-block-group-is-layout-constrained\">\n<h4 class=\"wp-block-heading\">Langsam wird es ernst<\/h4>\n\n\n\n<p>Alle drei Feiern liegen hinter uns. Standesamt, Polterabend und die Hauptparty nach der kirchlichen Trauung. Wenn bei unserer Reise auch alles so wunderbar l\u00e4uft, k\u00f6nnen wir mehr als gl\u00fccklich sein. Und jetzt k\u00f6nnen wir uns auch wieder den Reisethemen zuwenden.<br>\nWir brauchen neue Reisep\u00e4sse, die G\u00fcltigkeit der alten endet im Laufe des n\u00e4chsten Jahres, und einen internationalen F\u00fchrerschein. Solange die neue Passnummer nicht bekannt ist, k\u00f6nnen wir unsere Visa f\u00fcr die ersten beiden L\u00e4nder noch nicht beantragen. Aber zum Gl\u00fcck kann man das heute elektronisch innerhalb von ein paar Minuten erledigen.<br>\nAber nach g\u00fcnstigen Fl\u00fcgen von Frankfurt nach Sri Lanka kann ich schon suchen. Kuwait Airways und Qatar Airways liegen preislich dicht beieinander, aber die politische Situation in Katar ist uns zu unsicher, so f\u00e4llt die Entscheidung auf Kuwait. Am 1.9.2017 geht es definitiv los. Und dann buche ich auch noch ein Hotel in Colombo f\u00fcr 3 N\u00e4chte, um erst einmal \u201eanzukommen\u201c und am Montag gleich unser Visum zu verl\u00e4ngern, damit wir nicht nach 30 Tagen ausreisen m\u00fcssen.<br>\nDie Reisegarderobe muss noch aufgestockt werden. Wir wollen keine Riesensummen f\u00fcr die funktionale Kleidung ausgeben, deshalb fahren wir in ein bekanntes franz\u00f6sisches Outdoor-Gesch\u00e4ft und finden auch viele ansprechende Teile.<br>\nDie Auslandskrankenversicherung brauchen wir noch, ein paar Impfungen stehen noch aus. Und wir erfahren, dass Tochter und Schwiegersohn sich entschlossen haben, w\u00e4hrend unserer Abwesenheit unser Haus zu bewohnen. Das ist f\u00fcr uns eine prima Sache, bedeutet aber, dass wir r\u00e4umen m\u00fcssen. Schr\u00e4nke und Kommoden leeren, um Platz f\u00fcr das junge Ehepaar zu schaffen. Ende Juli dann die Zusammenlegung zweier Haushalte. Nicht ganz einfach, denn auch in einem Haus ist der Platz begrenzt.<\/p>\n\n\n\n<h4 class=\"wp-block-heading\">Auf der Zielgeraden<\/h4>\n\n\n<div class=\"wp-block-image\">\n<figure class=\"alignleft size-large\"><img decoding=\"async\" src=\"https:\/\/mit140umdiewelt.files.wordpress.com\/2017\/09\/img_20170901_092116.jpg?w=320&amp;h=180\" alt=\"IMG_20170901_092116\"\/><\/figure>\n<\/div>\n\n<div class=\"wp-block-image\">\n<figure class=\"alignright size-large is-resized\"><img decoding=\"async\" src=\"https:\/\/mit140umdiewelt.files.wordpress.com\/2017\/09\/img_20170901_092005.jpg?w=443&amp;h=249\" alt=\"IMG_20170901_092005\" style=\"width:278px;height:auto\"\/><\/figure>\n<\/div>\n\n<div class=\"wp-block-image\">\n<figure class=\"alignleft size-large is-resized\"><img decoding=\"async\" src=\"https:\/\/mit140umdiewelt.files.wordpress.com\/2017\/09\/img_20170901_092302-e1504256392715.jpg?w=319\" alt=\"img_20170901_092302.jpg\" style=\"width:271px;height:auto\"\/><\/figure>\n<\/div>\n\n\n<p>Klaus t\u00fcftelt an einer L\u00f6sung f\u00fcr unsere Koffer. Wir wollen nicht mit gro\u00dfen Rucks\u00e4cken unterwegs sein, sondern das meiste in einem Trolley hinter uns herziehen. Die Rollen der Koffer sind jedoch recht klein und damit zwar gut geeignet f\u00fcr Flugh\u00e4fen und perfekt gepflasterte Wege, aber wir werden bestimmt\u00a0 h\u00e4ufig holperige Stra\u00dfen und\u00a0 ungepflasterte Wege vorfinden. Die L\u00f6sung findet er in gro\u00dfen R\u00e4dern, die bei \u00a0Kinderautos benutzt werden. Auf eine Achse aus Edelstahlgriffen geschoben (Restst\u00fccke aus unserer \u00a0K\u00fcche) und mit Kabelbindern an den vorhandenen R\u00e4dern befestigt.  Die bisherigen Testl\u00e4ufe auf Kieswegen haben sie gut \u00fcberstanden.<br> Ich n\u00e4he derweil Packtaschen aus Drachenstoff f\u00fcr die Ordnung im Koffer, stelle eine Medikamentenliste zusammen f\u00fcr alle m\u00f6glichen kleinen Unp\u00e4sslichkeiten und stapele die mitzunehmenden Sachen.\u00a0 Noch ein Besuch bei meiner Familie zum Verabschieden, Treffen mit einigen Freunden aus demselben Grund. Immer h\u00e4ufiger schlaflose N\u00e4chte, Nachdenken, haben wir an alles gedacht?<br> Mittwoch haben wir mal zur Probe gepackt. Dank der Packbeutel l\u00e4sst sich alles gut verstauen. Sogar die gro\u00dfen R\u00e4der passen zusammengesteckt in den Koffer.<br> Gestern noch die letzte Impfung, jetzt noch den Impfausweis einscannen f\u00fcr alle F\u00e4lle, und dann wird endg\u00fcltig gepackt. Den letzten Abend verbringen wir mit Tochter und Schwiegersohn und feiern Abschied von unserer 1-monatigen \u201eZwangs-WG\u201c. Die Beiden werden aufatmen, wenn sie endlich wieder ihr Zweierleben genie\u00dfen k\u00f6nnen.<br> Jetzt geht\u2019s los!<\/p>\n<\/div><\/div>\n","protected":false},"excerpt":{"rendered":"<p>Was in den letzten Wochen in Deutschland noch passierte<\/p>\n","protected":false},"author":2,"featured_media":0,"comment_status":"open","ping_status":"open","sticky":false,"template":"","format":"standard","meta":{"footnotes":""},"categories":[5],"tags":[],"class_list":["post-29","post","type-post","status-publish","format-standard","hentry","category-weltreise"],"_links":{"self":[{"href":"https:\/\/mit140umdiewelt.de\/index.php?rest_route=\/wp\/v2\/posts\/29","targetHints":{"allow":["GET"]}}],"collection":[{"href":"https:\/\/mit140umdiewelt.de\/index.php?rest_route=\/wp\/v2\/posts"}],"about":[{"href":"https:\/\/mit140umdiewelt.de\/index.php?rest_route=\/wp\/v2\/types\/post"}],"author":[{"embeddable":true,"href":"https:\/\/mit140umdiewelt.de\/index.php?rest_route=\/wp\/v2\/users\/2"}],"replies":[{"embeddable":true,"href":"https:\/\/mit140umdiewelt.de\/index.php?rest_route=%2Fwp%2Fv2%2Fcomments&post=29"}],"version-history":[{"count":4,"href":"https:\/\/mit140umdiewelt.de\/index.php?rest_route=\/wp\/v2\/posts\/29\/revisions"}],"predecessor-version":[{"id":9740,"href":"https:\/\/mit140umdiewelt.de\/index.php?rest_route=\/wp\/v2\/posts\/29\/revisions\/9740"}],"wp:attachment":[{"href":"https:\/\/mit140umdiewelt.de\/index.php?rest_route=%2Fwp%2Fv2%2Fmedia&parent=29"}],"wp:term":[{"taxonomy":"category","embeddable":true,"href":"https:\/\/mit140umdiewelt.de\/index.php?rest_route=%2Fwp%2Fv2%2Fcategories&post=29"},{"taxonomy":"post_tag","embeddable":true,"href":"https:\/\/mit140umdiewelt.de\/index.php?rest_route=%2Fwp%2Fv2%2Ftags&post=29"}],"curies":[{"name":"wp","href":"https:\/\/api.w.org\/{rel}","templated":true}]}}